{"id":824,"date":"2023-08-22T11:59:13","date_gmt":"2023-08-22T10:59:13","guid":{"rendered":"http:\/\/www.adopt-srebrenica.org\/blog\/?p=824"},"modified":"2023-08-22T22:00:10","modified_gmt":"2023-08-22T21:00:10","slug":"xv-medunarodna-sedmica-sjecanja-poruka-za-covjeka","status":"publish","type":"post","link":"http:\/\/www.adopt-srebrenica.org\/blog\/2023\/08\/xv-medunarodna-sedmica-sjecanja-poruka-za-covjeka\/","title":{"rendered":"XV. ME\u0110UNARODNA SEDMICA SJE\u0106ANJA &#8211; PORUKA ZA \u010cOVJEKA"},"content":{"rendered":"\n<p>Udru\u017eenje \u201cPrihvati Srebrenicu\u201d (Adopt Srebrenica) organizuje 15. Me\u0111unarodnu sedmicu sje\u0107anja sa sloganom: \u201cPoruka za \u010dovjeka\u201d, a koja \u0107e biti odr\u017eana u period od 25. do 29. avgusta 2023. godine. Ovogodi\u0161nju Me\u0111unarodnu sedmicu sje\u0107anja posve\u0107ujemo dr Irfanki Pa\u0161agi\u0107, zahvaljuju\u0107i kojoj je sve i po\u010delo&#8230; Ovo je ujedno i najava inicijative \u201ePoruka za Irfanku\u201c, koja \u0107e biti predstavljena u okviru Programa Sedmice.<\/p>\n\n\n\n<p>Kao i prethodne tako \u0107e i ovogodi\u0161nja Me\u0111unarodna sedmica sje\u0107anja da obiluje bogatim programskim sadr\u017eajem kao \u0161to su: promocije, izlo\u017ebe, panel diskusije, performansi, te drugim kulturnim sadr\u017eajima.<\/p>\n\n\n\n<p>Organizacija 15. Me\u0111unarodne sedmice sje\u0107anja omogu\u0107ena je zahvaljuju\u0107i podr\u0161ci: Fondazione Alexander Langer Stiftung \u2013 Bolzano (It); Autonomna provincija Bolzano \u2013 Ju\u017eni Tirol (It); Forum ZfD \u2013 Bosnia and Herzegovina, Sarajevo; Heinrich B\u00f6ll Stiftung \u2013 Sarajevo;  Udru\u017eenje \u201cSara \u2013 Srebrenica\u201d, Srebrenica, te druge organizacije i pojedinci.<\/p>\n\n\n\n<p>Program 15. Me\u0111unarodne sedmice sje\u0107anja \u201cPoruka za \u010dovjeka\u201d, mo\u017eete pogledati u nastavku:<\/p>\n\n\n\n<figure class=\"wp-block-image size-large\"><img loading=\"lazy\" decoding=\"async\" width=\"700\" height=\"495\" src=\"http:\/\/www.adopt-srebrenica.org\/blog\/wp-content\/uploads\/2023\/08\/PROGRAM-700x495.png\" alt=\"\" class=\"wp-image-826\" srcset=\"http:\/\/www.adopt-srebrenica.org\/blog\/wp-content\/uploads\/2023\/08\/PROGRAM-700x495.png 700w, http:\/\/www.adopt-srebrenica.org\/blog\/wp-content\/uploads\/2023\/08\/PROGRAM-300x212.png 300w, http:\/\/www.adopt-srebrenica.org\/blog\/wp-content\/uploads\/2023\/08\/PROGRAM-768x543.png 768w, http:\/\/www.adopt-srebrenica.org\/blog\/wp-content\/uploads\/2023\/08\/PROGRAM.png 900w\" sizes=\"auto, (max-width: 700px) 100vw, 700px\" \/><\/figure>\n\n\n\n<p class=\"has-text-align-center\"><strong>PROGRAM XV. ME\u0110UNARODNE SEDMICE SJE\u0106ANJA<br>\u201ePORUKA ZA \u010cOVJEKA\u201c<br>25 \u2013 29. AVGUST 2023. GODINE<br>SREBRENICA<\/strong><\/p>\n\n\n\n<p><strong>POSVE\u0106ENO: dr IRFANKA PA\u0160AGI\u0106<\/strong><\/p>\n\n\n\n<p><strong>25. AVGUST \u2013 PETAK<br><\/strong><br><strong>17.00 \u2013 19.00<\/strong> PROMOCIJA DVIJE ZBIRKE: TRENUTAK KAD JE MENI PO\u010cEO RAT I TRENUTAK KAD JE MENI PO\u010cEO MIR<br>RAZGOVOR S UREDNICOM: ANA PEJOVI\u0106<br><strong>Mjesto:<\/strong> Kulturni centar, Srebrenica<br><br>Antologije kratkih pri\u010da Trenutak kad je meni po\u010deo rat i Trenutak kad je meni po\u010deo mir, ispituju razliku izme\u0111u privatnog i javnog sje\u0107anja, a povod su za promi\u0161ljanje o ulozi \u017eena u ratu, gradnji mira, na\u010dinu na koji one pamte i kako njih (ne) pamte.<\/p>\n\n\n\n<p>Ukradeni identiteti i svo\u0111enje \u017eene na majku, bolni\u010darku i osobu koja brine o porodici neki su od temelja repatrijarhalizacije koja se desila tokom ratova devedesetih, a koja se de\u0161ava i u drugim ratnim sukobima \u0161irom planete. \u017dene su, ipak, vrlo \u010desto i nositeljke pobune, nepristajanja, ali i ostvarivanja izgubljenih veza me\u0111u konfliktom zahva\u0107enih strana.<\/p>\n\n\n\n<p><strong>26. AVGUST &#8211; SUBOTA<\/strong><\/p>\n\n\n\n<p><strong>12.00 \u2013 16.00<\/strong> RADIONICA ZA MLADE: OMLADINSKI AKTIVIZAM I KULTURA SJE\u0106ANJA<br>VODITELJICA: AJNA JUSI\u0106<br><strong>Mjesto: <\/strong>Prostorije Adopt Srebrenica<\/p>\n\n\n\n<p>Radionica za mlade od 15 do 22 godine na temu \u201cOmladinski aktivizam i kultura sje\u0107anja\u201d s posebnim osvrtom na zna\u010daj ove teme, te uticaja prilika na \u017eivotne okolnosti mladih u dana\u0161njem dru\u0161tvu. Voditeljica programa posjeduje zna\u010dajno iskustvo o \u010demu \u0107e govoriti u\u010desnicima radionice, uz priliku za razmjenu mi\u0161ljenja, ideja i mogu\u0107ih zajedni\u010dkih inicijativa.<br>U\u010de\u0161\u0107e na radionici je neophodno ranije najaviti na: <a href=\"mailto:adoptsrebrenica@gmail.com\">adoptsrebrenica@gmail.com<\/a> ili na na\u0161oj Facebook stranici: Adopt Srebrenica.<\/p>\n\n\n\n<p><strong>16.00 &#8211; 17.30<\/strong> PROMOCIJA: SJE\u0106ANJE NA ISTAKNUTE SREBRENI\u010cANE &#8211; PROMOCIJA LIKA I DJELA ISTAKNUTIH LI\u010cNOSTI IZ SREBRENICE<br>(2. DOPUNJENO IZDANJE)<br><strong>Mjesto:<\/strong> Prostorije Adopt Srebrenica<\/p>\n\n\n\n<p>Tokom 13. Me\u0111unarodne sedmice sje\u0107anja 2021. godine predstavili smo kratku bro\u0161uru u kojoj su navedene kratke biografske crte osoba iz istorije Srebrenice koje su ostavile zna\u010dajan trag u nau\u010dnim i umjetni\u010dkim oblastima u kojima su djelovale. Na\u017ealost, tek na rijetke od njih se \u010duva bilo kakav vid sje\u0107anja, dok ih je ve\u0107ina nepravedno zapostavljena, a svi skupa ne u\u017eivaju pravedan tretman baziran na intelektualnoj i ljudskoj zaostav\u0161tini. Kroz ovu vrstu promocije predstavljamo zna\u010dajne li\u010dnosti, sada s biografskim podacima nekih od njih koji su bili poznati tek u\u017eim stru\u010dnim krugovima.<\/p>\n\n\n\n<p><strong>27. AVGUST &#8211; NEDELJA<\/strong><\/p>\n\n\n\n<p><strong>13.00 \u2013 15.00<\/strong> PROMOCIJA KRATKOMETRA\u017dNIH FILMOVA I RAZGOVORI S AUTOROM: <br>ENIS PRIJI\u0106<br><strong>Mjesto: <\/strong>Objekat stare Pivnica u Srebrenici<\/p>\n\n\n\n<p>Enis Priji\u0107 je mladi, nagra\u0111ivani kreator kratkometra\u017enih filmova koji nam dolazi iz Bugojna. Srebreni\u010dka publika \u0107e imati priliku pogledati neke od njegovih kratkometra\u017enih filmova: The loop, Anksioznost\u2026Tako\u0111er, bi\u0107e prikazan i novi film koji Enis radi za Al Jazeeru, kao i trailer Diverzum.<br>Nakon promocije filmova, autor \u0107e razgovarati s prisutnima, o temama njegovih filmova, va\u017enosti, zna\u010daju umjetnosti, kao i o novim projektima.<br><br><strong>18.00 &#8211; 20.00<\/strong> KONCERT: NO\u0106 SEVDAHA &#8211; \u0160AHA ISAKOVI\u0106 JELA\u010cI\u0106<br>Mjesto: Velika sala Kulturnog centra u Srebrenici\u00a0<\/p>\n\n\n\n<p>No\u0107 sevdaha s solisticom \u0160ahom Isakovi\u0107 Jela\u010di\u0107, prvi put u Srebrenici u Velikoj sali Kulturnog centra u Srebrenici. Muzi\u010dka i vokalna pratnja: Halid Hajdukovi\u0107, Damir Galija\u0161evi\u0107, Haris Kartal, Emir Be\u0107irevi\u0107 i Ajsela Zoronji\u0107.<br>\u0160aha Isakovi\u0107 pobjednica je World music festivala \u201cZeman\u201d 2021. godine.<\/p>\n\n\n\n<p><strong>28. AVGUST \u2013 PONEDELJAK<\/strong><br><strong><br>14.00 \u2013 17.00<\/strong> IZLO\u017dBA FOTOGRAFIJA: \u201cPEJZA\u017d O \u010cOVJEKU\u201d<br>FOTOGRAFIJE: ADOPT Srebrenica<br><strong>Mjesto: <\/strong>Objekat stare Pivnica u Srebrenici<\/p>\n\n\n\n<p>Izlo\u017eba \u201cPejza\u017e o \u010dovjeku\u201d nastala je kao dio saradnje Udru\u017eenja \u201cAdopt Srebrenica\u201d s Fondacijom Heinrich Boell iz Sarajeva. Kroz ovu izlo\u017ebu nastojimo skrenuti pa\u017enju na dru\u0161tvene pojave i tematizaciju neophodnog anga\u017emana kod prevazila\u017eenja kriza nastalih iz zapa\u017eenih degradacija. Izlo\u017ebu prati preferirana esencija dokumentaristi\u010dkog nasuprot umjetni\u010dkog zna\u010daja samih izlo\u017ebenih fotografija, \u0161to ima za cilj podizanje svijesti ka aktivnoj uklju\u010denosti \u0161ire dru\u0161tvene zajednice kod uticaja na rje\u0161avanje dru\u0161tvenih problema.<\/p>\n\n\n\n<p>Fotografije su nastale u nekoliko bosanskohercegova\u010dkih lokalnih zajednica: Srebrenica, Bratunac, \u017divinice, Tuzla, Lukavac, Zenica, Mostar i Kakanj.<\/p>\n\n\n\n<p>Izlo\u017eba \u0107e biti prikazana u drugim zajednicama u BiH, nakon \u010dega ostaje kao dio Stalne izlo\u017ebene postavke u prostorijama Udru\u017eenja \u201cAdopt Srebrenica\u201d.<\/p>\n\n\n\n<p><strong>17.00 \u2013 18.30<\/strong> UMJETNI\u010cKI PERFORMANS: PORUKA ZA \u010cOVJEKA<br><strong>Mjesto: <\/strong>Objekat stare Pivnica u Srebrenici<\/p>\n\n\n\n<p>Umjetni\u010dki performans &#8220;Poruka za \u010dovjeka&#8221; je rezultat rada mladih akademskih glumaca i mladih u\u010desnika iz Srebrenice. &nbsp;Performans je nastajao kroz nekoliko kreativnih radionica koje su dio aktivnosti projekta &#8220;Kultura sje\u0107anja u prevenciji sukoba&#8221;.<br>Projekat je realizovan uz podr\u0161ku Autonomne provincije Bolzano\/Bozen (Italija) i Fondazione Alexander Langer Stiftung.<\/p>\n\n\n\n<p><strong>29. AVGUST \u2013 UTORAK<\/strong><br><strong><br>14.00 \u2013 16.00<\/strong> PANEL O OBRAZOVANJU, KULTURI SJE\u0106ANJA I REFLEKSIJI NA ZAJEDNI\u0160TVO \u2013 NENAD VELI\u010cKOVI\u0106<br><strong>Mjesto: <\/strong>Mala sala Kulturnog centra u Srebrenici<\/p>\n\n\n\n<p>Panel o obrazovanju, kulturi sje\u0107anja i refleksiji na zajedni\u0161tvo s knji\u017eevnikom i kolumnistom Nenadom Veli\u010dkovi\u0107em. Kroz diskusiju tematizira\u0107e se obrazovani procesi, kakvi oni jesu I kako ih je mogu\u0107e unaprijediti, sa osvrtom koliku ulogu obrazovanje ima u kulturi sje\u0107anja, te koje su klju\u010dne ta\u010dke spajanja u vremenu u kojem jesmo.<\/p>\n\n\n\n<p><strong>Nenad Veli\u010dkovi\u0107<\/strong>&nbsp;je bosanskohercegova\u010dki pisac i kolumnista. Ro\u0111en je 2. maja 1962. godine u Sarajevu gdje je zavr\u0161io osnovnu i srednju \u0161kolu. Godine 1986. diplomirao je na Filozofskom fakultetu, Odsjek za jugoslovensku knji\u017eevnost i srpskohrvatski jezik, a magistrirao je s tezom&nbsp;<em>Politi\u010dki teatar Du\u0161ana Kova\u010devi\u0107a<\/em>&nbsp;u maju 2006.godine. Od 1999. do 2007. bio je vlasnik Knji\u017eevne radionice&nbsp;<em>Omnibus<\/em>, za koju je uredio preko 20 knjiga doma\u0107ih i stranih autora. Jedan je od inicijatora knji\u017eevnog festivala&nbsp;<em>Na pola puta<\/em>&nbsp;u U\u017eicu, a pokreta\u010d je i urednik vi\u0161e listova i \u010dasopisa (<em>Vizija<\/em>,&nbsp;<em>Omnibus<\/em>,&nbsp;<em>Al\u010dak<\/em>,&nbsp;<em>FAN<\/em>,&nbsp;<em>Knji\u017eevni \u017eurnal<\/em>,&nbsp;<em><a href=\"https:\/\/bs.wikipedia.org\/wiki\/%C5%A0kolegijum\">\u0160kolegijum<\/a><\/em>,&nbsp;<em>Tekstura<\/em>). Od 2009. godine u svojoj rubrici&nbsp;<em>\u0160kljocam i zvocam<\/em>, na portalu Deutsche Welle, pi\u0161e satiri\u010dne tekstove.<\/p>\n","protected":false},"excerpt":{"rendered":"<p>Udru\u017eenje \u201cPrihvati Srebrenicu\u201d (Adopt Srebrenica) organizuje 15. Me\u0111unarodnu sedmicu sje\u0107anja sa sloganom: \u201cPoruka za \u010dovjeka\u201d, a koja \u0107e biti odr\u017eana u period od 25. do 29. avgusta 2023. godine. Ovogodi\u0161nju Me\u0111unarodnu sedmicu sje\u0107anja posve\u0107ujemo dr&#8230;<\/p>\n","protected":false},"author":1,"featured_media":825,"comment_status":"closed","ping_status":"open","sticky":false,"template":"","format":"standard","meta":{"footnotes":""},"categories":[2],"tags":[],"class_list":["post-824","post","type-post","status-publish","format-standard","has-post-thumbnail","hentry","category-promocije"],"_links":{"self":[{"href":"http:\/\/www.adopt-srebrenica.org\/blog\/wp-json\/wp\/v2\/posts\/824","targetHints":{"allow":["GET"]}}],"collection":[{"href":"http:\/\/www.adopt-srebrenica.org\/blog\/wp-json\/wp\/v2\/posts"}],"about":[{"href":"http:\/\/www.adopt-srebrenica.org\/blog\/wp-json\/wp\/v2\/types\/post"}],"author":[{"embeddable":true,"href":"http:\/\/www.adopt-srebrenica.org\/blog\/wp-json\/wp\/v2\/users\/1"}],"replies":[{"embeddable":true,"href":"http:\/\/www.adopt-srebrenica.org\/blog\/wp-json\/wp\/v2\/comments?post=824"}],"version-history":[{"count":3,"href":"http:\/\/www.adopt-srebrenica.org\/blog\/wp-json\/wp\/v2\/posts\/824\/revisions"}],"predecessor-version":[{"id":829,"href":"http:\/\/www.adopt-srebrenica.org\/blog\/wp-json\/wp\/v2\/posts\/824\/revisions\/829"}],"wp:featuredmedia":[{"embeddable":true,"href":"http:\/\/www.adopt-srebrenica.org\/blog\/wp-json\/wp\/v2\/media\/825"}],"wp:attachment":[{"href":"http:\/\/www.adopt-srebrenica.org\/blog\/wp-json\/wp\/v2\/media?parent=824"}],"wp:term":[{"taxonomy":"category","embeddable":true,"href":"http:\/\/www.adopt-srebrenica.org\/blog\/wp-json\/wp\/v2\/categories?post=824"},{"taxonomy":"post_tag","embeddable":true,"href":"http:\/\/www.adopt-srebrenica.org\/blog\/wp-json\/wp\/v2\/tags?post=824"}],"curies":[{"name":"wp","href":"https:\/\/api.w.org\/{rel}","templated":true}]}}