{"id":750,"date":"2022-07-31T15:20:07","date_gmt":"2022-07-31T14:20:07","guid":{"rendered":"http:\/\/www.adopt-srebrenica.org\/blog\/?p=750"},"modified":"2022-12-15T13:54:49","modified_gmt":"2022-12-15T12:54:49","slug":"tvrdave-stari-gradovi-u-srebrenici","status":"publish","type":"post","link":"http:\/\/www.adopt-srebrenica.org\/blog\/2022\/07\/tvrdave-stari-gradovi-u-srebrenici\/","title":{"rendered":"Tvr\u0111ave (stari gradovi) u Srebrenici"},"content":{"rendered":"\n<p>Srebrenica je bila&nbsp; jedno od najrazvijenijih rudarskih i trgova\u010dkih naselja u srednjovjekovnoj bosanskoj dr\u017eavi. Na ra\u010dun rudarske djelatnosti i prilika koje su direktno ili indirektno bile vezane za istu, Srebrenica je dobila svoj istorijski zna\u010daj koji nosi kroz vjekove.<\/p>\n\n\n\n<p>Na planinskoj kosini iznad urbanog jezgra ili srebreni\u010dke \u010dar\u0161ije,&nbsp; izgra\u0111ena su dva utvr\u0111enja, u narodu poznata kao Stari grad. Manje utvr\u0111enje izgra\u0111eno je u srednjem vijeku na padini koja je na pedesetak metara vi\u0161oj nadmorskoj visini od utvr\u0111enja koja \u0107e kasnije biti izgra\u0111eno u Osmanskom periodu. Ve\u0107e utvr\u0111enje ili Topni\u010dko, izgra\u0111eno zbog pove\u0107anja potreba u Osmanske vojske za potencijalnu odbranu grada, 2006. progla\u0161eno je nacionalnim spomenikom Bosne i Hercegovine.<\/p>\n\n\n\n<p>Jedan anonimni opis tvr\u0111ave u Srebrenici, koji poti\u010de iz osamdesetih godina 17. vijeka, opisuje je kao staru tvr\u0111avu na jednom bre\u017euljku, jaku i opasanu \u0161ancem.<\/p>\n\n\n\n<p>Donji grad je topni\u010dka tvr\u0111ava nepravilnog \u010detvorougaonog oblika prilago\u0111enog terenu. Planinska kosa na kojoj je Donji grad zadire u naselje. \u0160irine su 80 i 60 m, du\u017eina je 165 m, tako da tvr\u0111ava zauzima povr\u0161inu od oko 12400 m2.<\/p>\n\n\n\n<figure class=\"wp-block-image size-large\"><img loading=\"lazy\" decoding=\"async\" width=\"700\" height=\"525\" src=\"http:\/\/www.adopt-srebrenica.org\/blog\/wp-content\/uploads\/2022\/07\/P4190005.jpg\" alt=\"\" class=\"wp-image-753\" srcset=\"http:\/\/www.adopt-srebrenica.org\/blog\/wp-content\/uploads\/2022\/07\/P4190005.jpg 700w, http:\/\/www.adopt-srebrenica.org\/blog\/wp-content\/uploads\/2022\/07\/P4190005-300x225.jpg 300w\" sizes=\"auto, (max-width: 700px) 100vw, 700px\" \/><\/figure>\n\n\n\n\n\n<p>Na\u017ealost, zbog nemara lokalnih, ali i dr\u017eavnih vlasti, ova istorijska dobra nalaze se u jako lo\u0161em stanju. Dok je Topni\u010dko utvr\u0111enje iz osmanskog perioda donekle prohodno, te pru\u017ea predivan pogled na panoramu Srebrenice sa lokalnim brdima, ali i pogled arhitektura kori\u0161tene u svrhu odbrane, gornja, odnosno srednjovjekovna tvr\u0111ava uop\u0161te nije prohodna.<\/p>\n\n\n\n<p>Tvr\u0111ave se nalaze u naselju Stari grad do kojeg je mogu\u0107e do\u0107i asfaltnim putem iz ulice \u201cReufa Selmanagi\u0107a Crnog\u201d, mi ipak preporu\u010dujemo opciju \u0161etnje stepeni\u0161tem pokraj Bijele d\u017eamije, a zatim sa plato ispred objekta \u201cLovac\u201d, a zatim asfaltnim dalje do Topni\u010dkog utvr\u0111enja s pogledom na Srebrenicu.<\/p>\n","protected":false},"excerpt":{"rendered":"<p>Srebrenica je bila&nbsp; jedno od najrazvijenijih rudarskih i trgova\u010dkih naselja u srednjovjekovnoj bosanskoj dr\u017eavi. Na ra\u010dun rudarske djelatnosti i prilika koje su direktno ili indirektno bile vezane za istu, Srebrenica je dobila svoj istorijski zna\u010daj&#8230;<\/p>\n","protected":false},"author":1,"featured_media":752,"comment_status":"closed","ping_status":"open","sticky":false,"template":"","format":"standard","meta":{"footnotes":""},"categories":[6],"tags":[],"class_list":["post-750","post","type-post","status-publish","format-standard","has-post-thumbnail","hentry","category-historija"],"_links":{"self":[{"href":"http:\/\/www.adopt-srebrenica.org\/blog\/wp-json\/wp\/v2\/posts\/750","targetHints":{"allow":["GET"]}}],"collection":[{"href":"http:\/\/www.adopt-srebrenica.org\/blog\/wp-json\/wp\/v2\/posts"}],"about":[{"href":"http:\/\/www.adopt-srebrenica.org\/blog\/wp-json\/wp\/v2\/types\/post"}],"author":[{"embeddable":true,"href":"http:\/\/www.adopt-srebrenica.org\/blog\/wp-json\/wp\/v2\/users\/1"}],"replies":[{"embeddable":true,"href":"http:\/\/www.adopt-srebrenica.org\/blog\/wp-json\/wp\/v2\/comments?post=750"}],"version-history":[{"count":3,"href":"http:\/\/www.adopt-srebrenica.org\/blog\/wp-json\/wp\/v2\/posts\/750\/revisions"}],"predecessor-version":[{"id":762,"href":"http:\/\/www.adopt-srebrenica.org\/blog\/wp-json\/wp\/v2\/posts\/750\/revisions\/762"}],"wp:featuredmedia":[{"embeddable":true,"href":"http:\/\/www.adopt-srebrenica.org\/blog\/wp-json\/wp\/v2\/media\/752"}],"wp:attachment":[{"href":"http:\/\/www.adopt-srebrenica.org\/blog\/wp-json\/wp\/v2\/media?parent=750"}],"wp:term":[{"taxonomy":"category","embeddable":true,"href":"http:\/\/www.adopt-srebrenica.org\/blog\/wp-json\/wp\/v2\/categories?post=750"},{"taxonomy":"post_tag","embeddable":true,"href":"http:\/\/www.adopt-srebrenica.org\/blog\/wp-json\/wp\/v2\/tags?post=750"}],"curies":[{"name":"wp","href":"https:\/\/api.w.org\/{rel}","templated":true}]}}