{"id":74,"date":"2018-08-27T00:03:30","date_gmt":"2018-08-26T23:03:30","guid":{"rendered":"http:\/\/www.adopt-srebrenica.org\/blog\/?p=74"},"modified":"2019-07-17T00:29:12","modified_gmt":"2019-07-16T23:29:12","slug":"buducnost-na-tragovima-proslosti","status":"publish","type":"post","link":"http:\/\/www.adopt-srebrenica.org\/blog\/2018\/08\/buducnost-na-tragovima-proslosti\/","title":{"rendered":"Budu\u0107nost na tragovima pro\u0161losti"},"content":{"rendered":"\n<p>Ove godine je na desetoj po redu <strong>Me\u0111unarodnoj sedmici sje\u0107anja<\/strong> odr\u017eana panel  diskusija sa psihologom Sr\u0111anom Puhalom pod nazivom \u201e<em>Budu\u0107nost na  tragovima pro\u0161losti<\/em>\u201c, kao i promocija njegove knjige \u201e<em>Samo frontalno<\/em>\u201c. <\/p>\n\n\n\n<p>Promociji je priustvovalo 30-ak gostiju, me\u0111u kojima i publika iz Italije. Gosti su imali priliku da nakon promocije  diskutuju i razgovaraju sa autorom.<\/p>\n\n\n\n<p>\u201e<em>Knjiga &#8216;<strong>Samo Frontalno<\/strong>&#8216; je nastala kao skup mojih blogova, uglavnom politi\u010dkih u kojima pi\u0161em o svemu \u0161to mi smeta i \u0161to  mi se ne svi\u0111a. Blog je najbolji na\u010din da izrazim svoje misli i mjesto  gdje imam potpunu slobodu<\/em>\u201c, kazao je Puhalo.<\/p>\n\n\n\n<p>Puhalo nije krio zadovoljstvo odr\u017eanom promocijom kao i reakcijama publike, razgovoru sa njima i interakciji.<\/p>\n\n\n\n<p>Nakon promocije knjige, pristuni su imali priliku i  da pogledaju dokumentarni film o ratnim de\u0161avanjima u BiH, o hrabrim i  humanim ljudima iz najte\u017eih ratnih vremena \u201eHumani primjeri nehumanog  rata\u201c, \u010diji je realizator portal Frontal uz podr\u0161ku Ameri\u010dke ambasade u  Bosni i Hercegovini.<\/p>\n\n\n\n<figure class=\"wp-block-embed-youtube wp-block-embed is-type-video is-provider-youtube wp-embed-aspect-16-9 wp-has-aspect-ratio\"><div class=\"wp-block-embed__wrapper\">\n<iframe loading=\"lazy\" width=\"700\" height=\"394\" src=\"https:\/\/www.youtube.com\/embed\/aWMdw9b3Zno?feature=oembed\" frameborder=\"0\" allow=\"accelerometer; autoplay; encrypted-media; gyroscope; picture-in-picture\" allowfullscreen><\/iframe>\n<\/div><\/figure>\n","protected":false},"excerpt":{"rendered":"<p>Ove godine je na desetoj po redu Me\u0111unarodnoj sedmici sje\u0107anja odr\u017eana panel  diskusija sa psihologom Sr\u0111anom Puhalom pod nazivom \u201eBudu\u0107nost na  tragovima pro\u0161losti\u201c, kao i promocija njegove knjige \u201eSamo frontalno\u201c. <\/p>\n","protected":false},"author":1,"featured_media":80,"comment_status":"closed","ping_status":"open","sticky":false,"template":"","format":"standard","meta":{"footnotes":""},"categories":[2],"tags":[],"class_list":["post-74","post","type-post","status-publish","format-standard","has-post-thumbnail","hentry","category-promocije"],"_links":{"self":[{"href":"http:\/\/www.adopt-srebrenica.org\/blog\/wp-json\/wp\/v2\/posts\/74","targetHints":{"allow":["GET"]}}],"collection":[{"href":"http:\/\/www.adopt-srebrenica.org\/blog\/wp-json\/wp\/v2\/posts"}],"about":[{"href":"http:\/\/www.adopt-srebrenica.org\/blog\/wp-json\/wp\/v2\/types\/post"}],"author":[{"embeddable":true,"href":"http:\/\/www.adopt-srebrenica.org\/blog\/wp-json\/wp\/v2\/users\/1"}],"replies":[{"embeddable":true,"href":"http:\/\/www.adopt-srebrenica.org\/blog\/wp-json\/wp\/v2\/comments?post=74"}],"version-history":[{"count":3,"href":"http:\/\/www.adopt-srebrenica.org\/blog\/wp-json\/wp\/v2\/posts\/74\/revisions"}],"predecessor-version":[{"id":86,"href":"http:\/\/www.adopt-srebrenica.org\/blog\/wp-json\/wp\/v2\/posts\/74\/revisions\/86"}],"wp:featuredmedia":[{"embeddable":true,"href":"http:\/\/www.adopt-srebrenica.org\/blog\/wp-json\/wp\/v2\/media\/80"}],"wp:attachment":[{"href":"http:\/\/www.adopt-srebrenica.org\/blog\/wp-json\/wp\/v2\/media?parent=74"}],"wp:term":[{"taxonomy":"category","embeddable":true,"href":"http:\/\/www.adopt-srebrenica.org\/blog\/wp-json\/wp\/v2\/categories?post=74"},{"taxonomy":"post_tag","embeddable":true,"href":"http:\/\/www.adopt-srebrenica.org\/blog\/wp-json\/wp\/v2\/tags?post=74"}],"curies":[{"name":"wp","href":"https:\/\/api.w.org\/{rel}","templated":true}]}}