{"id":723,"date":"2022-06-20T16:57:43","date_gmt":"2022-06-20T15:57:43","guid":{"rendered":"http:\/\/www.adopt-srebrenica.org\/blog\/?p=723"},"modified":"2022-06-20T16:57:43","modified_gmt":"2022-06-20T15:57:43","slug":"drugi-memorijalni-pohod-alexander-langer","status":"publish","type":"post","link":"http:\/\/www.adopt-srebrenica.org\/blog\/2022\/06\/drugi-memorijalni-pohod-alexander-langer\/","title":{"rendered":"Drugi memorijalni pohod &#8220;Alexander Langer&#8221;"},"content":{"rendered":"\n<p>Udru\u017eenje Ekologa \u201eArboretum-Botani\u010dka Ba\u0161ta\u201c 2. jula ove godine organizuje Memorijalni pohod &#8220;Alexander Langer&#8221;, drugi po redu. \u010clanovi ovog Udru\u017eenja pro\u0161le godine su zapo\u010deli sa ure\u0111enjem planinarske staze koju su odlu\u010diti nazvati prema Alexander Langeru, italijanskom Europarlamentarcu Njema\u010dkog etni\u010dkog porijekla, koji je u periodu 1992 \u2013 1995. godine, kao jedan od vo\u0111a stranke Zelenih, bio \u201cnajglasniji\u201d u Evropskom Parlamentu za zaustavljanje agresije na BiH.<\/p>\n\n\n\n<p>Pohod startuje u 9.30 \u010dasova iz mjesta U\u017eevice (Sarajevo), a ruta obuhvata sljede\u0107e lokacije: U\u017dEVICE (iznad Nahoreva)  \u2013 SEDAM VRELA \u2013 \u010cARDAKLIJE \u2013 STE\u0106CI U DONJIM MO\u010cIOCIMA \u2013 PL. DOM BUKOVIK \u2013 KLANAC \u2013 VODOPAD SKAKAVAC \u2013 U\u017dEVICE<br>Povratak planiran oko 19.00 \u010dasova.<br><br>-Hrana i pi\u0107e iz ruksaka;<br>-Visinska razlika 550 metara;<br>-Srednje te\u0161ka tura;<br>-Prijevoz do U\u017eevice u vlastitoj re\u017eiji;<br>-Opremu prilagoditi vremenskim uslovima i terenu;<br>-Svi u\u010desnici su du\u017eni da po\u0161tuju kodeks pona\u0161anja planinara, te vodi\u010de planinarske ture;<br>-Svi u\u010desnici preuzimaju vlastitu odgovornost za psiho-fizi\u010dku pripremljenost za pohod;<\/p>\n\n\n\n<p>Kontakt osoba: D\u017eino Azem &#8211; 061\/131-097<\/p>\n\n\n\n<p>Podsjetimo:<\/p>\n\n\n\n<p>Alexander Langer je ro\u0111en u Strezingu\/Vipiteno u Alto Adigu\/Ju\u017eni Tirol 22.2.1946. Novinar, prevodilac, nastavnik, ve\u0107 kao vrlo mlad sara\u0111uje sa raznim \u010dasopisima, asocijacijama, gra\u0111anskim inicijativama. Od 1978. izabran je u tri navrata u Parlament Provincije Bolzano. 1989. godine izabran je za zastupnika u evropskom Parlamentu i iste godine postaje predsjednikom novoosnovane stranke Zelenih.<\/p>\n\n\n\n<p>Posebno se zala\u017ee za vanjsku politiku mira, za pravednije odnose izme\u0111u sjevera i juga i istoka i zapada, za ekolo\u0161ki preobra\u017eaj dru\u0161tva, ekonomije, stilova \u017eivota. Putovao je u zvani\u010dnim misijama u Izrael, Brazil, Rusiju, Albaniju, Argentinu, Egipt, Rumuniju i Bugarsku.<\/p>\n\n\n\n<p>Poslije pada Berlinskog zida, usmjerava svoju aktivnost ka poku\u0161aju suprotstavljanja sve ve\u0107em ra\u0111anju nacionalizama. Daje podr\u0161ku snagama pomirenja na prostorima biv\u0161e Jugoslavije. Sa \u201cVerona Forumom\u201d pru\u017ea stol dijaloga stotinama pobornika zajedni\u010dkog \u017eivljenja koji se sastaju u Veroni, Strazburu, Be\u010du, Briselu, Parizu, Tuzli, Skoplju i Zagrebu.<\/p>\n\n\n\n<p>26. juna 1995. godine odlazi sa ostalim evropskim zastupnicima u Kan odnose\u0107i svjetskim poglavarima dramati\u010dni apel: \u201dEvropa \u0107e umrijeti ili se ponovo roditi u Sarajevu\u201d. Alexander Langer 1981. i 1995. godine odbija da pristupi normativnom popisu stanovni\u0161tva koji ja\u010da politiku etni\u010dkog razdvajanja na njegovom prostoru. Sa tom isprikom, u mjesecu maju 1995, bez ve\u0107eg skandala biva isklju\u010den iz kandidature za gradona\u010delnika Bolzana\u2026.<\/p>\n\n\n\n<p>Odlu\u010duje da prekine svoj \u017eivot 3. jula 1995. godine u 49. godini \u017eivota. Po\u010diva na malom groblju u Telvesu\/Telfes (Bolzano), pored svojih roditelja.<\/p>\n\n\n\n<p>Grad Sarajevo 2021. godine Alexander Langeru posthumno dodjeljuje plaketu Po\u010dasnog gra\u0111anina grada Sarajeva.<\/p>\n\n\n\n<figure class=\"wp-block-image size-large\"><img loading=\"lazy\" decoding=\"async\" width=\"700\" height=\"990\" src=\"http:\/\/www.adopt-srebrenica.org\/blog\/wp-content\/uploads\/2022\/06\/Pozivnica-Memorijalni-pohod-Alex-Langer-2-700x990.png\" alt=\"\" class=\"wp-image-726\" srcset=\"http:\/\/www.adopt-srebrenica.org\/blog\/wp-content\/uploads\/2022\/06\/Pozivnica-Memorijalni-pohod-Alex-Langer-2-700x990.png 700w, http:\/\/www.adopt-srebrenica.org\/blog\/wp-content\/uploads\/2022\/06\/Pozivnica-Memorijalni-pohod-Alex-Langer-2-212x300.png 212w, http:\/\/www.adopt-srebrenica.org\/blog\/wp-content\/uploads\/2022\/06\/Pozivnica-Memorijalni-pohod-Alex-Langer-2-768x1086.png 768w, http:\/\/www.adopt-srebrenica.org\/blog\/wp-content\/uploads\/2022\/06\/Pozivnica-Memorijalni-pohod-Alex-Langer-2.png 900w\" sizes=\"auto, (max-width: 700px) 100vw, 700px\" \/><\/figure>\n\n\n\n<p><\/p>\n","protected":false},"excerpt":{"rendered":"<p>Udru\u017eenje Ekologa \u201eArboretum-Botani\u010dka Ba\u0161ta\u201c 2. jula ove godine organizuje Memorijalni pohod &#8220;Alexander Langer&#8221;, drugi po redu. \u010clanovi ovog Udru\u017eenja pro\u0161le godine su zapo\u010deli sa ure\u0111enjem planinarske staze koju su odlu\u010diti nazvati prema Alexander Langeru, italijanskom&#8230;<\/p>\n","protected":false},"author":1,"featured_media":724,"comment_status":"closed","ping_status":"open","sticky":false,"template":"","format":"standard","meta":{"footnotes":""},"categories":[2],"tags":[],"class_list":["post-723","post","type-post","status-publish","format-standard","has-post-thumbnail","hentry","category-promocije"],"_links":{"self":[{"href":"http:\/\/www.adopt-srebrenica.org\/blog\/wp-json\/wp\/v2\/posts\/723","targetHints":{"allow":["GET"]}}],"collection":[{"href":"http:\/\/www.adopt-srebrenica.org\/blog\/wp-json\/wp\/v2\/posts"}],"about":[{"href":"http:\/\/www.adopt-srebrenica.org\/blog\/wp-json\/wp\/v2\/types\/post"}],"author":[{"embeddable":true,"href":"http:\/\/www.adopt-srebrenica.org\/blog\/wp-json\/wp\/v2\/users\/1"}],"replies":[{"embeddable":true,"href":"http:\/\/www.adopt-srebrenica.org\/blog\/wp-json\/wp\/v2\/comments?post=723"}],"version-history":[{"count":1,"href":"http:\/\/www.adopt-srebrenica.org\/blog\/wp-json\/wp\/v2\/posts\/723\/revisions"}],"predecessor-version":[{"id":727,"href":"http:\/\/www.adopt-srebrenica.org\/blog\/wp-json\/wp\/v2\/posts\/723\/revisions\/727"}],"wp:featuredmedia":[{"embeddable":true,"href":"http:\/\/www.adopt-srebrenica.org\/blog\/wp-json\/wp\/v2\/media\/724"}],"wp:attachment":[{"href":"http:\/\/www.adopt-srebrenica.org\/blog\/wp-json\/wp\/v2\/media?parent=723"}],"wp:term":[{"taxonomy":"category","embeddable":true,"href":"http:\/\/www.adopt-srebrenica.org\/blog\/wp-json\/wp\/v2\/categories?post=723"},{"taxonomy":"post_tag","embeddable":true,"href":"http:\/\/www.adopt-srebrenica.org\/blog\/wp-json\/wp\/v2\/tags?post=723"}],"curies":[{"name":"wp","href":"https:\/\/api.w.org\/{rel}","templated":true}]}}